{"id":2288,"date":"2014-09-12T14:59:57","date_gmt":"2014-09-12T14:59:57","guid":{"rendered":"http:\/\/kozhaz.alsozsolca.hu\/?p=2288"},"modified":"2014-09-29T12:14:58","modified_gmt":"2014-09-29T12:14:58","slug":"a-nagy-haboru-kepekben","status":"publish","type":"post","link":"https:\/\/kozhaz.alsozsolca.hu\/?p=2288","title":{"rendered":"A nagy h\u00e1bor\u00fa k\u00e9pekben"},"content":{"rendered":"<p><a href=\"https:\/\/kozhaz.alsozsolca.hu\/wp-content\/uploads\/2014\/09\/A-nagy-h\u00e1bor\u00fa-k\u00e9pekben.jpg\"><img loading=\"lazy\" decoding=\"async\" class=\"alignleft size-medium wp-image-2290\" src=\"https:\/\/kozhaz.alsozsolca.hu\/wp-content\/uploads\/2014\/09\/A-nagy-h\u00e1bor\u00fa-k\u00e9pekben-300x215.jpg\" alt=\"A nagy h\u00e1bor\u00fa k\u00e9pekben\" width=\"300\" height=\"215\" srcset=\"https:\/\/kozhaz.alsozsolca.hu\/wp-content\/uploads\/2014\/09\/A-nagy-h\u00e1bor\u00fa-k\u00e9pekben-300x215.jpg 300w, https:\/\/kozhaz.alsozsolca.hu\/wp-content\/uploads\/2014\/09\/A-nagy-h\u00e1bor\u00fa-k\u00e9pekben.jpg 897w\" sizes=\"auto, (max-width: 300px) 100vw, 300px\" \/><\/a><em>A nagy h\u00e1bor\u00fa k\u00e9pekben<\/em> c\u00edmmel rendezett ki\u00e1ll\u00edt\u00e1s megnyit\u00f3j\u00e1ra h\u00edvjuk a kedves \u00e9rdekl\u0151d\u0151ket az I. vil\u00e1gh\u00e1bor\u00fa kit\u00f6r\u00e9s\u00e9nek centen\u00e1riuma alkalm\u00e1b\u00f3l 2014. szeptember 22-\u00e9n, h\u00e9tf\u0151n 17<sup>00<\/sup> \u00f3rakor a K\u00f6z\u00f6ss\u00e9gi H\u00e1zba. A ki\u00e1ll\u00edt\u00e1st megnyitja Zsiros S\u00e1ndorn\u00e9 polg\u00e1rmester. A megnyit\u00f3t k\u00f6vet\u0151en <em>\u201eA nagy h\u00e1bor\u00fa magyar szemmel\u201d<\/em> c\u00edmmel dr. R\u00e9mi\u00e1s Tibor t\u00f6rt\u00e9n\u00e9sz, muzeol\u00f3gus tart el\u0151ad\u00e1st.<\/p>\n","protected":false},"excerpt":{"rendered":"<p>A nagy h\u00e1bor\u00fa k\u00e9pekben c\u00edmmel rendezett ki\u00e1ll\u00edt\u00e1s megnyit\u00f3j\u00e1ra h\u00edvjuk a kedves \u00e9rdekl\u0151d\u0151ket az I. vil\u00e1gh\u00e1bor\u00fa kit\u00f6r\u00e9s\u00e9nek centen\u00e1riuma alkalm\u00e1b\u00f3l 2014. szeptember 22-\u00e9n, h\u00e9tf\u0151n 1700 \u00f3rakor a K\u00f6z\u00f6ss\u00e9gi H\u00e1zba. A ki\u00e1ll\u00edt\u00e1st megnyitja Zsiros S\u00e1ndorn\u00e9 polg\u00e1rmester. A megnyit\u00f3t k\u00f6vet\u0151en \u201eA nagy h\u00e1bor\u00fa magyar szemmel\u201d c\u00edmmel dr. R\u00e9mi\u00e1s Tibor t\u00f6rt\u00e9n\u00e9sz, muzeol\u00f3gus tart el\u0151ad\u00e1st.<\/p>\n","protected":false},"author":2,"featured_media":0,"comment_status":"closed","ping_status":"closed","sticky":false,"template":"","format":"standard","meta":{"footnotes":""},"categories":[5],"tags":[26,29],"class_list":["post-2288","post","type-post","status-publish","format-standard","hentry","category-aktualis","tag-kiallitas","tag-megemlekezes"],"_links":{"self":[{"href":"https:\/\/kozhaz.alsozsolca.hu\/index.php?rest_route=\/wp\/v2\/posts\/2288","targetHints":{"allow":["GET"]}}],"collection":[{"href":"https:\/\/kozhaz.alsozsolca.hu\/index.php?rest_route=\/wp\/v2\/posts"}],"about":[{"href":"https:\/\/kozhaz.alsozsolca.hu\/index.php?rest_route=\/wp\/v2\/types\/post"}],"author":[{"embeddable":true,"href":"https:\/\/kozhaz.alsozsolca.hu\/index.php?rest_route=\/wp\/v2\/users\/2"}],"replies":[{"embeddable":true,"href":"https:\/\/kozhaz.alsozsolca.hu\/index.php?rest_route=%2Fwp%2Fv2%2Fcomments&post=2288"}],"version-history":[{"count":1,"href":"https:\/\/kozhaz.alsozsolca.hu\/index.php?rest_route=\/wp\/v2\/posts\/2288\/revisions"}],"predecessor-version":[{"id":2291,"href":"https:\/\/kozhaz.alsozsolca.hu\/index.php?rest_route=\/wp\/v2\/posts\/2288\/revisions\/2291"}],"wp:attachment":[{"href":"https:\/\/kozhaz.alsozsolca.hu\/index.php?rest_route=%2Fwp%2Fv2%2Fmedia&parent=2288"}],"wp:term":[{"taxonomy":"category","embeddable":true,"href":"https:\/\/kozhaz.alsozsolca.hu\/index.php?rest_route=%2Fwp%2Fv2%2Fcategories&post=2288"},{"taxonomy":"post_tag","embeddable":true,"href":"https:\/\/kozhaz.alsozsolca.hu\/index.php?rest_route=%2Fwp%2Fv2%2Ftags&post=2288"}],"curies":[{"name":"wp","href":"https:\/\/api.w.org\/{rel}","templated":true}]}}