{"id":2574,"date":"2014-10-07T16:07:29","date_gmt":"2014-10-07T16:07:29","guid":{"rendered":"http:\/\/kozhaz.alsozsolca.hu\/?p=2574"},"modified":"2014-10-07T16:07:29","modified_gmt":"2014-10-07T16:07:29","slug":"a-senki-szigete-cimu-rock-musical-bemutatoja","status":"publish","type":"post","link":"https:\/\/kozhaz.alsozsolca.hu\/?p=2574","title":{"rendered":"A Senki szigete c\u00edm\u0171 rock-musical bemutat\u00f3ja"},"content":{"rendered":"<p><a href=\"https:\/\/kozhaz.alsozsolca.hu\/wp-content\/uploads\/2014\/10\/A-Senki-szigete.jpg\"><img loading=\"lazy\" decoding=\"async\" class=\"alignleft size-medium wp-image-2575\" src=\"https:\/\/kozhaz.alsozsolca.hu\/wp-content\/uploads\/2014\/10\/A-Senki-szigete-208x300.jpg\" alt=\"A Senki szigete\" width=\"208\" height=\"300\" srcset=\"https:\/\/kozhaz.alsozsolca.hu\/wp-content\/uploads\/2014\/10\/A-Senki-szigete-208x300.jpg 208w, https:\/\/kozhaz.alsozsolca.hu\/wp-content\/uploads\/2014\/10\/A-Senki-szigete-711x1024.jpg 711w\" sizes=\"auto, (max-width: 208px) 100vw, 208px\" \/><\/a>Sok szeretettel v\u00e1runk minden \u00e9rdekl\u0151d\u0151t a k\u00f6nyvt\u00e1ri napok keret\u00e9ben A Senki szigete c\u00edm\u0171 rock-musical bemutat\u00f3j\u00e1ra, amely J\u00f3kai M\u00f3r Az arany ember c\u00edm\u0171 reg\u00e9nye alapj\u00e1n k\u00e9sz\u00fclt. F\u0151bb szerepekben: Cselep\u00e1k Bal\u00e1zs, Sz\u00e9csi Vikt\u00f3ria, Varga Andrea. Az el\u0151ad\u00e1s 2014. okt\u00f3ber 9-\u00e9n, cs\u00fct\u00f6rt\u00f6k\u00f6n 14<sup>00 <\/sup>\u00f3r\u00e1t\u00f3l a K\u00f6z\u00f6ss\u00e9gi H\u00e1z sz\u00ednh\u00e1zterm\u00e9ben tekinthet\u0151 meg. Bel\u00e9p\u0151: 100,- Ft.<\/p>\n","protected":false},"excerpt":{"rendered":"<p>Sok szeretettel v\u00e1runk minden \u00e9rdekl\u0151d\u0151t a k\u00f6nyvt\u00e1ri napok keret\u00e9ben A Senki szigete c\u00edm\u0171 rock-musical bemutat\u00f3j\u00e1ra, amely J\u00f3kai M\u00f3r Az arany ember c\u00edm\u0171 reg\u00e9nye alapj\u00e1n k\u00e9sz\u00fclt. F\u0151bb szerepekben: Cselep\u00e1k Bal\u00e1zs, Sz\u00e9csi Vikt\u00f3ria, Varga Andrea. Az el\u0151ad\u00e1s 2014. okt\u00f3ber 9-\u00e9n, cs\u00fct\u00f6rt\u00f6k\u00f6n 1400 \u00f3r\u00e1t\u00f3l a K\u00f6z\u00f6ss\u00e9gi H\u00e1z sz\u00ednh\u00e1zterm\u00e9ben tekinthet\u0151 meg. Bel\u00e9p\u0151: 100,- Ft.<\/p>\n","protected":false},"author":2,"featured_media":0,"comment_status":"closed","ping_status":"closed","sticky":false,"template":"","format":"standard","meta":{"footnotes":""},"categories":[5],"tags":[6,37,15],"class_list":["post-2574","post","type-post","status-publish","format-standard","hentry","category-aktualis","tag-konyvtar","tag-szinhaz","tag-zene"],"_links":{"self":[{"href":"https:\/\/kozhaz.alsozsolca.hu\/index.php?rest_route=\/wp\/v2\/posts\/2574","targetHints":{"allow":["GET"]}}],"collection":[{"href":"https:\/\/kozhaz.alsozsolca.hu\/index.php?rest_route=\/wp\/v2\/posts"}],"about":[{"href":"https:\/\/kozhaz.alsozsolca.hu\/index.php?rest_route=\/wp\/v2\/types\/post"}],"author":[{"embeddable":true,"href":"https:\/\/kozhaz.alsozsolca.hu\/index.php?rest_route=\/wp\/v2\/users\/2"}],"replies":[{"embeddable":true,"href":"https:\/\/kozhaz.alsozsolca.hu\/index.php?rest_route=%2Fwp%2Fv2%2Fcomments&post=2574"}],"version-history":[{"count":1,"href":"https:\/\/kozhaz.alsozsolca.hu\/index.php?rest_route=\/wp\/v2\/posts\/2574\/revisions"}],"predecessor-version":[{"id":2576,"href":"https:\/\/kozhaz.alsozsolca.hu\/index.php?rest_route=\/wp\/v2\/posts\/2574\/revisions\/2576"}],"wp:attachment":[{"href":"https:\/\/kozhaz.alsozsolca.hu\/index.php?rest_route=%2Fwp%2Fv2%2Fmedia&parent=2574"}],"wp:term":[{"taxonomy":"category","embeddable":true,"href":"https:\/\/kozhaz.alsozsolca.hu\/index.php?rest_route=%2Fwp%2Fv2%2Fcategories&post=2574"},{"taxonomy":"post_tag","embeddable":true,"href":"https:\/\/kozhaz.alsozsolca.hu\/index.php?rest_route=%2Fwp%2Fv2%2Ftags&post=2574"}],"curies":[{"name":"wp","href":"https:\/\/api.w.org\/{rel}","templated":true}]}}