{"id":3188,"date":"2015-01-13T13:49:32","date_gmt":"2015-01-13T13:49:32","guid":{"rendered":"http:\/\/kozhaz.alsozsolca.hu\/?p=3188"},"modified":"2015-01-15T16:25:09","modified_gmt":"2015-01-15T16:25:09","slug":"ix-helytorteneti-vetelkedo","status":"publish","type":"post","link":"https:\/\/kozhaz.alsozsolca.hu\/?p=3188","title":{"rendered":"IX. helyt\u00f6rt\u00e9neti vet\u00e9lked\u0151"},"content":{"rendered":"<p><a href=\"https:\/\/kozhaz.alsozsolca.hu\/wp-content\/uploads\/2015\/01\/I.-vil\u00e1gh\u00e1bor\u00fas-eml\u00e9km\u0171.jpg\"><img loading=\"lazy\" decoding=\"async\" class=\"alignleft wp-image-3206 size-medium\" src=\"https:\/\/kozhaz.alsozsolca.hu\/wp-content\/uploads\/2015\/01\/I.-vil\u00e1gh\u00e1bor\u00fas-eml\u00e9km\u0171-e1421339104107-225x300.jpg\" alt=\"I. vil\u00e1gh\u00e1bor\u00fas eml\u00e9km\u0171\" width=\"225\" height=\"300\" srcset=\"https:\/\/kozhaz.alsozsolca.hu\/wp-content\/uploads\/2015\/01\/I.-vil\u00e1gh\u00e1bor\u00fas-eml\u00e9km\u0171-e1421339104107-225x300.jpg 225w, https:\/\/kozhaz.alsozsolca.hu\/wp-content\/uploads\/2015\/01\/I.-vil\u00e1gh\u00e1bor\u00fas-eml\u00e9km\u0171-e1421339104107.jpg 576w\" sizes=\"auto, (max-width: 225px) 100vw, 225px\" \/><\/a>2015. janu\u00e1r 27-\u00e9n, kedden 14<sup>30<\/sup> \u00f3r\u00e1t\u00f3l ker\u00fcl megrendez\u00e9sre a hagyom\u00e1nyos helyt\u00f6rt\u00e9neti vet\u00e9lked\u0151, melyen a helyi \u00e1ltal\u00e1nos iskol\u00e1k csapatai m\u00e9rik \u00f6ssze tud\u00e1sukat telep\u00fcl\u00e9s\u00fcnk t\u00f6rt\u00e9net\u00e9b\u0151l. Az idei \u00e9vben az I. vil\u00e1gh\u00e1bor\u00fa \u00e9vfordul\u00f3j\u00e1hoz kapcsol\u00f3dva az als\u00f3zsolcai elesettekre is eml\u00e9kez\u00fcnk. A vet\u00e9lked\u0151 v\u00e9g\u00e9n a r\u00e9sztvev\u0151k megkoszor\u00fazz\u00e1k az I. vil\u00e1gh\u00e1bor\u00fas eml\u00e9km\u0171vet. A rendezv\u00e9nyre minden kedves \u00e9rdekl\u0151d\u0151t szeretettel v\u00e1runk.<\/p>\n","protected":false},"excerpt":{"rendered":"<p>2015. janu\u00e1r 27-\u00e9n, kedden 1430 \u00f3r\u00e1t\u00f3l ker\u00fcl megrendez\u00e9sre a hagyom\u00e1nyos helyt\u00f6rt\u00e9neti vet\u00e9lked\u0151, melyen a helyi \u00e1ltal\u00e1nos iskol\u00e1k csapatai m\u00e9rik \u00f6ssze tud\u00e1sukat telep\u00fcl\u00e9s\u00fcnk t\u00f6rt\u00e9net\u00e9b\u0151l. Az idei \u00e9vben az I. vil\u00e1gh\u00e1bor\u00fa \u00e9vfordul\u00f3j\u00e1hoz kapcsol\u00f3dva az als\u00f3zsolcai elesettekre is eml\u00e9kez\u00fcnk. A vet\u00e9lked\u0151 v\u00e9g\u00e9n a r\u00e9sztvev\u0151k megkoszor\u00fazz\u00e1k az I. vil\u00e1gh\u00e1bor\u00fas eml\u00e9km\u0171vet. A rendezv\u00e9nyre minden kedves \u00e9rdekl\u0151d\u0151t szeretettel v\u00e1runk.<\/p>\n","protected":false},"author":2,"featured_media":0,"comment_status":"closed","ping_status":"closed","sticky":false,"template":"","format":"standard","meta":{"footnotes":""},"categories":[5],"tags":[49,12],"class_list":["post-3188","post","type-post","status-publish","format-standard","hentry","category-aktualis","tag-helytortenet","tag-vetelkedo"],"_links":{"self":[{"href":"https:\/\/kozhaz.alsozsolca.hu\/index.php?rest_route=\/wp\/v2\/posts\/3188","targetHints":{"allow":["GET"]}}],"collection":[{"href":"https:\/\/kozhaz.alsozsolca.hu\/index.php?rest_route=\/wp\/v2\/posts"}],"about":[{"href":"https:\/\/kozhaz.alsozsolca.hu\/index.php?rest_route=\/wp\/v2\/types\/post"}],"author":[{"embeddable":true,"href":"https:\/\/kozhaz.alsozsolca.hu\/index.php?rest_route=\/wp\/v2\/users\/2"}],"replies":[{"embeddable":true,"href":"https:\/\/kozhaz.alsozsolca.hu\/index.php?rest_route=%2Fwp%2Fv2%2Fcomments&post=3188"}],"version-history":[{"count":6,"href":"https:\/\/kozhaz.alsozsolca.hu\/index.php?rest_route=\/wp\/v2\/posts\/3188\/revisions"}],"predecessor-version":[{"id":3208,"href":"https:\/\/kozhaz.alsozsolca.hu\/index.php?rest_route=\/wp\/v2\/posts\/3188\/revisions\/3208"}],"wp:attachment":[{"href":"https:\/\/kozhaz.alsozsolca.hu\/index.php?rest_route=%2Fwp%2Fv2%2Fmedia&parent=3188"}],"wp:term":[{"taxonomy":"category","embeddable":true,"href":"https:\/\/kozhaz.alsozsolca.hu\/index.php?rest_route=%2Fwp%2Fv2%2Fcategories&post=3188"},{"taxonomy":"post_tag","embeddable":true,"href":"https:\/\/kozhaz.alsozsolca.hu\/index.php?rest_route=%2Fwp%2Fv2%2Ftags&post=3188"}],"curies":[{"name":"wp","href":"https:\/\/api.w.org\/{rel}","templated":true}]}}