{"id":3422,"date":"2015-02-12T10:09:07","date_gmt":"2015-02-12T10:09:07","guid":{"rendered":"http:\/\/kozhaz.alsozsolca.hu\/?p=3422"},"modified":"2015-02-16T15:15:49","modified_gmt":"2015-02-16T15:15:49","slug":"az-amerika-alom","status":"publish","type":"post","link":"https:\/\/kozhaz.alsozsolca.hu\/?p=3422","title":{"rendered":"Az Amerika \u00c1lom"},"content":{"rendered":"<p><a href=\"https:\/\/kozhaz.alsozsolca.hu\/wp-content\/uploads\/2015\/02\/Magyarok-kiv\u00e1ndorl\u00e1sa-Amerik\u00e1ba.jpg\"><img loading=\"lazy\" decoding=\"async\" class=\"alignleft size-medium wp-image-3423\" src=\"https:\/\/kozhaz.alsozsolca.hu\/wp-content\/uploads\/2015\/02\/Magyarok-kiv\u00e1ndorl\u00e1sa-Amerik\u00e1ba-209x300.jpg\" alt=\"Magyarok kiv\u00e1ndorl\u00e1sa Amerik\u00e1ba\" width=\"209\" height=\"300\" srcset=\"https:\/\/kozhaz.alsozsolca.hu\/wp-content\/uploads\/2015\/02\/Magyarok-kiv\u00e1ndorl\u00e1sa-Amerik\u00e1ba-209x300.jpg 209w, https:\/\/kozhaz.alsozsolca.hu\/wp-content\/uploads\/2015\/02\/Magyarok-kiv\u00e1ndorl\u00e1sa-Amerik\u00e1ba.jpg 534w\" sizes=\"auto, (max-width: 209px) 100vw, 209px\" \/><\/a>A Vay Mikl\u00f3s Egyes\u00fclet szervez\u00e9s\u00e9ben <em>Forg\u00e1cs P\u00e9ter Az Amerika \u00c1lom<\/em> c\u00edm\u0171 dokumentumfilmj\u00e9t tekinthetik meg az \u00e9rdekl\u0151d\u0151k az Als\u00f3zsolcai K\u00f6z\u00f6ss\u00e9gi H\u00e1zban 2015. febru\u00e1r 18-\u00e1n, szerd\u00e1n 17<sup>30 <\/sup>\u00f3r\u00e1t\u00f3l. Bevezet\u0151t mond Bodn\u00e1r Tam\u00e1s, lev\u00e9lt\u00e1ros. A film a magyars\u00e1g 1890-1921 k\u00f6z\u00f6tti nagy kiv\u00e1ndorl\u00e1s\u00e1t mutatja be soha nem l\u00e1tott korabeli amerikai h\u00edrad\u00e1sokkal, f\u00e9nyk\u00e9pekkel \u00e9s visszaeml\u00e9kez\u00e9sekkel.<\/p>\n","protected":false},"excerpt":{"rendered":"<p>A Vay Mikl\u00f3s Egyes\u00fclet szervez\u00e9s\u00e9ben Forg\u00e1cs P\u00e9ter Az Amerika \u00c1lom c\u00edm\u0171 dokumentumfilmj\u00e9t tekinthetik meg az \u00e9rdekl\u0151d\u0151k az Als\u00f3zsolcai K\u00f6z\u00f6ss\u00e9gi H\u00e1zban 2015. febru\u00e1r 18-\u00e1n, szerd\u00e1n 1730 \u00f3r\u00e1t\u00f3l. Bevezet\u0151t mond Bodn\u00e1r Tam\u00e1s, lev\u00e9lt\u00e1ros. A film a magyars\u00e1g 1890-1921 k\u00f6z\u00f6tti nagy kiv\u00e1ndorl\u00e1s\u00e1t mutatja be soha nem l\u00e1tott korabeli amerikai h\u00edrad\u00e1sokkal, f\u00e9nyk\u00e9pekkel \u00e9s visszaeml\u00e9kez\u00e9sekkel.<\/p>\n","protected":false},"author":2,"featured_media":0,"comment_status":"closed","ping_status":"closed","sticky":false,"template":"","format":"standard","meta":{"footnotes":""},"categories":[5],"tags":[52],"class_list":["post-3422","post","type-post","status-publish","format-standard","hentry","category-aktualis","tag-filmvetites"],"_links":{"self":[{"href":"https:\/\/kozhaz.alsozsolca.hu\/index.php?rest_route=\/wp\/v2\/posts\/3422","targetHints":{"allow":["GET"]}}],"collection":[{"href":"https:\/\/kozhaz.alsozsolca.hu\/index.php?rest_route=\/wp\/v2\/posts"}],"about":[{"href":"https:\/\/kozhaz.alsozsolca.hu\/index.php?rest_route=\/wp\/v2\/types\/post"}],"author":[{"embeddable":true,"href":"https:\/\/kozhaz.alsozsolca.hu\/index.php?rest_route=\/wp\/v2\/users\/2"}],"replies":[{"embeddable":true,"href":"https:\/\/kozhaz.alsozsolca.hu\/index.php?rest_route=%2Fwp%2Fv2%2Fcomments&post=3422"}],"version-history":[{"count":3,"href":"https:\/\/kozhaz.alsozsolca.hu\/index.php?rest_route=\/wp\/v2\/posts\/3422\/revisions"}],"predecessor-version":[{"id":3426,"href":"https:\/\/kozhaz.alsozsolca.hu\/index.php?rest_route=\/wp\/v2\/posts\/3422\/revisions\/3426"}],"wp:attachment":[{"href":"https:\/\/kozhaz.alsozsolca.hu\/index.php?rest_route=%2Fwp%2Fv2%2Fmedia&parent=3422"}],"wp:term":[{"taxonomy":"category","embeddable":true,"href":"https:\/\/kozhaz.alsozsolca.hu\/index.php?rest_route=%2Fwp%2Fv2%2Fcategories&post=3422"},{"taxonomy":"post_tag","embeddable":true,"href":"https:\/\/kozhaz.alsozsolca.hu\/index.php?rest_route=%2Fwp%2Fv2%2Ftags&post=3422"}],"curies":[{"name":"wp","href":"https:\/\/api.w.org\/{rel}","templated":true}]}}