{"id":3561,"date":"2015-03-02T18:33:36","date_gmt":"2015-03-02T18:33:36","guid":{"rendered":"http:\/\/kozhaz.alsozsolca.hu\/?p=3561"},"modified":"2015-03-23T16:56:26","modified_gmt":"2015-03-23T16:56:26","slug":"a-zene-az-kell-megyei-zenei-tehetsegkutato-verseny","status":"publish","type":"post","link":"https:\/\/kozhaz.alsozsolca.hu\/?p=3561","title":{"rendered":"&#8222;A zene az kell!&#8221; megyei zenei tehets\u00e9gkutat\u00f3 verseny"},"content":{"rendered":"<p><a href=\"https:\/\/kozhaz.alsozsolca.hu\/wp-content\/uploads\/2015\/03\/Zene-az-kell-megyei-zenei-tehets\u00e9gkutat\u00f3-2015.jpg\"><img loading=\"lazy\" decoding=\"async\" class=\"alignleft size-medium wp-image-3811\" src=\"https:\/\/kozhaz.alsozsolca.hu\/wp-content\/uploads\/2015\/03\/Zene-az-kell-megyei-zenei-tehets\u00e9gkutat\u00f3-2015-213x300.jpg\" alt=\"Zene az kell! megyei zenei tehets\u00e9gkutat\u00f3 2015\" width=\"213\" height=\"300\" srcset=\"https:\/\/kozhaz.alsozsolca.hu\/wp-content\/uploads\/2015\/03\/Zene-az-kell-megyei-zenei-tehets\u00e9gkutat\u00f3-2015-213x300.jpg 213w, https:\/\/kozhaz.alsozsolca.hu\/wp-content\/uploads\/2015\/03\/Zene-az-kell-megyei-zenei-tehets\u00e9gkutat\u00f3-2015.jpg 545w\" sizes=\"auto, (max-width: 213px) 100vw, 213px\" \/><\/a>Az Als\u00f3zsolcai K\u00f6z\u00f6ss\u00e9gi H\u00e1z \u00fajra meghirdeti <em>\u201eA zene az kell!\u201d<\/em> megyei zenei tehets\u00e9gkutat\u00f3 verseny\u00e9t, melyre v\u00e1rjuk a 8-30 \u00e9v k\u00f6z\u00f6tti amat\u0151r \u00e9nekesek jelentkez\u00e9s\u00e9t! A <a title=\"Jelentkez\u00e9si lap 2015\" href=\"https:\/\/kozhaz.alsozsolca.hu\/wp-content\/uploads\/2015\/03\/Jelentkez\u00e9si-lap-2015.pdf\">jelentkez\u00e9si lap<\/a> innen let\u00f6lthet\u0151. A selejtez\u0151t \u00e9s a d\u00f6nt\u0151t egy napon, 2015. m\u00e1rcius 28-\u00e1n, szombaton rendezz\u00fck. A selejtez\u0151 kezd\u00e9si id\u0151pontja 9<sup>00<\/sup> \u00f3ra, a d\u00f6nt\u0151 15<sup>00<\/sup> \u00f3r\u00e1t\u00f3l ker\u00fcl megrendez\u00e9sre.<br \/>\nM\u0171faji kateg\u00f3ri\u00e1k: musical, pop-rock.<br \/>\nNevezni h\u00e1rom korcsoportban lehet:<br \/>\nI. kateg\u00f3ria: 7-10 \u00e9vesek<br \/>\nII. kateg\u00f3ria: 11-15 \u00e9vesek<br \/>\nIII. kateg\u00f3ria: 16-30 \u00e9vesek<br \/>\nHa 2015. m\u00e1rcius 28-ig az indul\u00f3 a 10., 15. \u00e9let\u00e9v\u00e9t bet\u00f6lti, akkor a k\u00f6vetkez\u0151 kateg\u00f3ri\u00e1ban kell neveznie. Az idei \u00e9vben zenekarok nevez\u00e9s\u00e9t nem tudjuk elfogadni, egy\u00e9ni el\u0151ad\u00f3kat \u00e9s 2-4 f\u0151s \u00e9nekes csapatok jelentkez\u00e9s\u00e9t v\u00e1rjuk a fent eml\u00edtett kateg\u00f3ri\u00e1kban!<\/p>\n<p>A zs\u0171ri tagjai:<br \/>\n<em><strong>Falusi Mariann<\/strong><\/em>, Artisjus-d\u00edjas \u00e9nekesn\u0151, sz\u00edn\u00e9szn\u0151, a Pa-D\u00f6-D\u0151 egy\u00fcttes tagja, a zs\u0171ri eln\u00f6ke<br \/>\n<em><strong>Tall\u00f3sn\u00e9 Nov\u00e1k Ir\u00e9n<\/strong><\/em>, a Miskolci Kultur\u00e1lis K\u00f6zpont \u00fcgyvezet\u0151je<br \/>\n<em><strong>Tunyogi Bernadett<\/strong><\/em>, a Szolnoki Szigligeti Sz\u00ednh\u00e1z sz\u00ednm\u0171v\u00e9sze, musical\u00e9nekes<br \/>\n<em><strong>Cselep\u00e1k Bal\u00e1zs<\/strong><\/em>, a Gy\u0151ri Nemzeti Sz\u00ednh\u00e1z \u00e9s a Kom\u00e1romi Lovassz\u00ednh\u00e1z tagja, \u00e9nekes<br \/>\n<em><strong>M\u00f3cz Ferenc<\/strong><\/em>, a Miskolci Egressy B\u00e9ni-Erkel Ferenc Alapfok\u00fa M\u0171v\u00e9szeti Iskola igazgat\u00f3ja<\/p>\n<p>Helysz\u00edn: Als\u00f3zsolcai K\u00f6z\u00f6ss\u00e9gi H\u00e1z \/G\u00f6rgey u. 1.\/<br \/>\nJelentkez\u00e9si hat\u00e1rid\u0151: 2015. m\u00e1rcius 15. Nevez\u00e9si d\u00edj produkci\u00f3nk\u00e9nt: 1000,- Ft. Egy f\u0151\/csoport k\u00e9t kateg\u00f3ri\u00e1ban nevezhet!<\/p>\n<p>Jelentkezni \u00e9s \u00e9rdekl\u0151dni lehet:<br \/>\nAls\u00f3zsolcai K\u00f6z\u00f6ss\u00e9gi H\u00e1z \u00e9s K\u00f6nyvt\u00e1r \u2013 Als\u00f3zsolca (G\u00f6rgey u. 1.)<br \/>\nSzal\u00e1nczin\u00e9 Somos Zsuzs\u00e1n\u00e1l: 06-46-406-432, 06-30-228-1774 telefonsz\u00e1mokon \u00e9s a kozossegihaz@alsozsolca.hu e-mail c\u00edmen.<\/p>\n","protected":false},"excerpt":{"rendered":"<p>Az Als\u00f3zsolcai K\u00f6z\u00f6ss\u00e9gi H\u00e1z \u00fajra meghirdeti \u201eA zene az kell!\u201d megyei zenei tehets\u00e9gkutat\u00f3 verseny\u00e9t, melyre v\u00e1rjuk a 8-30 \u00e9v k\u00f6z\u00f6tti amat\u0151r \u00e9nekesek jelentkez\u00e9s\u00e9t! A jelentkez\u00e9si lap innen let\u00f6lthet\u0151. A selejtez\u0151t \u00e9s a d\u00f6nt\u0151t egy napon, 2015. m\u00e1rcius 28-\u00e1n, szombaton rendezz\u00fck. A selejtez\u0151 kezd\u00e9si id\u0151pontja 900 \u00f3ra, a d\u00f6nt\u0151 1500 \u00f3r\u00e1t\u00f3l ker\u00fcl megrendez\u00e9sre. M\u0171faji kateg\u00f3ri\u00e1k: musical, [&hellip;]<\/p>\n","protected":false},"author":2,"featured_media":0,"comment_status":"closed","ping_status":"closed","sticky":false,"template":"","format":"standard","meta":{"footnotes":""},"categories":[5],"tags":[14,15],"class_list":["post-3561","post","type-post","status-publish","format-standard","hentry","category-aktualis","tag-tehetsegkutato","tag-zene"],"_links":{"self":[{"href":"https:\/\/kozhaz.alsozsolca.hu\/index.php?rest_route=\/wp\/v2\/posts\/3561","targetHints":{"allow":["GET"]}}],"collection":[{"href":"https:\/\/kozhaz.alsozsolca.hu\/index.php?rest_route=\/wp\/v2\/posts"}],"about":[{"href":"https:\/\/kozhaz.alsozsolca.hu\/index.php?rest_route=\/wp\/v2\/types\/post"}],"author":[{"embeddable":true,"href":"https:\/\/kozhaz.alsozsolca.hu\/index.php?rest_route=\/wp\/v2\/users\/2"}],"replies":[{"embeddable":true,"href":"https:\/\/kozhaz.alsozsolca.hu\/index.php?rest_route=%2Fwp%2Fv2%2Fcomments&post=3561"}],"version-history":[{"count":7,"href":"https:\/\/kozhaz.alsozsolca.hu\/index.php?rest_route=\/wp\/v2\/posts\/3561\/revisions"}],"predecessor-version":[{"id":3812,"href":"https:\/\/kozhaz.alsozsolca.hu\/index.php?rest_route=\/wp\/v2\/posts\/3561\/revisions\/3812"}],"wp:attachment":[{"href":"https:\/\/kozhaz.alsozsolca.hu\/index.php?rest_route=%2Fwp%2Fv2%2Fmedia&parent=3561"}],"wp:term":[{"taxonomy":"category","embeddable":true,"href":"https:\/\/kozhaz.alsozsolca.hu\/index.php?rest_route=%2Fwp%2Fv2%2Fcategories&post=3561"},{"taxonomy":"post_tag","embeddable":true,"href":"https:\/\/kozhaz.alsozsolca.hu\/index.php?rest_route=%2Fwp%2Fv2%2Ftags&post=3561"}],"curies":[{"name":"wp","href":"https:\/\/api.w.org\/{rel}","templated":true}]}}