{"id":3585,"date":"2015-03-02T16:30:31","date_gmt":"2015-03-02T16:30:31","guid":{"rendered":"http:\/\/kozhaz.alsozsolca.hu\/?p=3585"},"modified":"2015-03-09T17:09:46","modified_gmt":"2015-03-09T17:09:46","slug":"iro-olvaso-talalkozo-jokai-annaval","status":"publish","type":"post","link":"https:\/\/kozhaz.alsozsolca.hu\/?p=3585","title":{"rendered":"\u00cdr\u00f3-olvas\u00f3 tal\u00e1lkoz\u00f3 J\u00f3kai Ann\u00e1val"},"content":{"rendered":"<p><a href=\"https:\/\/kozhaz.alsozsolca.hu\/wp-content\/uploads\/2015\/03\/J\u00f3kai-Anna-est.jpg\"><img loading=\"lazy\" decoding=\"async\" class=\"alignleft size-medium wp-image-3603\" src=\"https:\/\/kozhaz.alsozsolca.hu\/wp-content\/uploads\/2015\/03\/J\u00f3kai-Anna-est-212x300.jpg\" alt=\"J\u00f3kai Anna est\" width=\"212\" height=\"300\" srcset=\"https:\/\/kozhaz.alsozsolca.hu\/wp-content\/uploads\/2015\/03\/J\u00f3kai-Anna-est-212x300.jpg 212w, https:\/\/kozhaz.alsozsolca.hu\/wp-content\/uploads\/2015\/03\/J\u00f3kai-Anna-est.jpg 581w\" sizes=\"auto, (max-width: 212px) 100vw, 212px\" \/><\/a>A Vay Mikl\u00f3s Egyes\u00fclet \u00e9s az Als\u00f3zsolcai K\u00f6z\u00f6ss\u00e9gi H\u00e1z \u00e9s K\u00f6nyvt\u00e1r sok szeretettel v\u00e1r minden \u00e9rdekl\u0151d\u0151t 2015. m\u00e1rcius 20-\u00e1n, p\u00e9nteken 18<sup>00<\/sup> \u00f3r\u00e1t\u00f3l egy k\u00f6tetlen \u00edr\u00f3-olvas\u00f3 tal\u00e1lkoz\u00f3ra J\u00f3kai Ann\u00e1val, a Nemzet M\u0171v\u00e9sze c\u00edmmel kit\u00fcntetett, k\u00e9tszeres Kossuth-d\u00edjas \u00e9s J\u00f3zsef Attila-d\u00edjas magyar \u00edr\u00f3- \u00e9s k\u00f6lt\u0151n\u0151vel a K\u00f6z\u00f6ss\u00e9gi H\u00e1z sz\u00ednh\u00e1zterm\u00e9be.<\/p>\n","protected":false},"excerpt":{"rendered":"<p>A Vay Mikl\u00f3s Egyes\u00fclet \u00e9s az Als\u00f3zsolcai K\u00f6z\u00f6ss\u00e9gi H\u00e1z \u00e9s K\u00f6nyvt\u00e1r sok szeretettel v\u00e1r minden \u00e9rdekl\u0151d\u0151t 2015. m\u00e1rcius 20-\u00e1n, p\u00e9nteken 1800 \u00f3r\u00e1t\u00f3l egy k\u00f6tetlen \u00edr\u00f3-olvas\u00f3 tal\u00e1lkoz\u00f3ra J\u00f3kai Ann\u00e1val, a Nemzet M\u0171v\u00e9sze c\u00edmmel kit\u00fcntetett, k\u00e9tszeres Kossuth-d\u00edjas \u00e9s J\u00f3zsef Attila-d\u00edjas magyar \u00edr\u00f3- \u00e9s k\u00f6lt\u0151n\u0151vel a K\u00f6z\u00f6ss\u00e9gi H\u00e1z sz\u00ednh\u00e1zterm\u00e9be.<\/p>\n","protected":false},"author":2,"featured_media":0,"comment_status":"closed","ping_status":"closed","sticky":false,"template":"","format":"standard","meta":{"footnotes":""},"categories":[5],"tags":[55,46,13],"class_list":["post-3585","post","type-post","status-publish","format-standard","hentry","category-aktualis","tag-iro-olvaso-talalkozo","tag-irodalmi-est","tag-irodalom"],"_links":{"self":[{"href":"https:\/\/kozhaz.alsozsolca.hu\/index.php?rest_route=\/wp\/v2\/posts\/3585","targetHints":{"allow":["GET"]}}],"collection":[{"href":"https:\/\/kozhaz.alsozsolca.hu\/index.php?rest_route=\/wp\/v2\/posts"}],"about":[{"href":"https:\/\/kozhaz.alsozsolca.hu\/index.php?rest_route=\/wp\/v2\/types\/post"}],"author":[{"embeddable":true,"href":"https:\/\/kozhaz.alsozsolca.hu\/index.php?rest_route=\/wp\/v2\/users\/2"}],"replies":[{"embeddable":true,"href":"https:\/\/kozhaz.alsozsolca.hu\/index.php?rest_route=%2Fwp%2Fv2%2Fcomments&post=3585"}],"version-history":[{"count":5,"href":"https:\/\/kozhaz.alsozsolca.hu\/index.php?rest_route=\/wp\/v2\/posts\/3585\/revisions"}],"predecessor-version":[{"id":3605,"href":"https:\/\/kozhaz.alsozsolca.hu\/index.php?rest_route=\/wp\/v2\/posts\/3585\/revisions\/3605"}],"wp:attachment":[{"href":"https:\/\/kozhaz.alsozsolca.hu\/index.php?rest_route=%2Fwp%2Fv2%2Fmedia&parent=3585"}],"wp:term":[{"taxonomy":"category","embeddable":true,"href":"https:\/\/kozhaz.alsozsolca.hu\/index.php?rest_route=%2Fwp%2Fv2%2Fcategories&post=3585"},{"taxonomy":"post_tag","embeddable":true,"href":"https:\/\/kozhaz.alsozsolca.hu\/index.php?rest_route=%2Fwp%2Fv2%2Ftags&post=3585"}],"curies":[{"name":"wp","href":"https:\/\/api.w.org\/{rel}","templated":true}]}}